{"id":22915,"date":"2025-03-27T16:42:15","date_gmt":"2025-03-27T15:42:15","guid":{"rendered":"https:\/\/santediabete.org\/?p=22915"},"modified":"2025-03-27T16:51:42","modified_gmt":"2025-03-27T15:51:42","slug":"conference-scientifique-du-sommet-nutrition-for-growth-2025-vers-des-solutions-globales-contre-la-malnutrition-et-les-mnt","status":"publish","type":"post","link":"https:\/\/santediabete.org\/en_en\/2025\/03\/27\/conference-scientifique-du-sommet-nutrition-for-growth-2025-vers-des-solutions-globales-contre-la-malnutrition-et-les-mnt\/","title":{"rendered":"Nutrition for Growth 2025 scientific conference: towards global solutions to malnutrition and NCDs"},"content":{"rendered":"<p>On March 26, 2025, as part of the Nutrition for Growth (N4G) summit, a scientific conference co-organized by Agence Fran\u00e7aise de D\u00e9veloppement (AFD) and its partners was held in Paris. The final session, proposed by Sant\u00e9 Diab\u00e8te and the World Diabetes Foundation and devoted to the issues of malnutrition, obesity and non-communicable diseases (NCDs), explored the complex links between food, public health and regulatory policies.<\/p>\n<p><img data-recalc-dims=\"1\" decoding=\"async\" class=\"size-medium wp-image-22922 aligncenter\" src=\"https:\/\/i0.wp.com\/santediabete.org\/wp-content\/uploads\/2025\/03\/N4G.png?resize=600%2C300&#038;ssl=1\" alt=\"\" width=\"600\" height=\"300\" srcset=\"https:\/\/i0.wp.com\/santediabete.org\/wp-content\/uploads\/2025\/03\/N4G.png?resize=600%2C300&amp;ssl=1 600w, https:\/\/i0.wp.com\/santediabete.org\/wp-content\/uploads\/2025\/03\/N4G.png?resize=768%2C384&amp;ssl=1 768w, https:\/\/i0.wp.com\/santediabete.org\/wp-content\/uploads\/2025\/03\/N4G.png?resize=18%2C9&amp;ssl=1 18w, https:\/\/i0.wp.com\/santediabete.org\/wp-content\/uploads\/2025\/03\/N4G.png?w=1024&amp;ssl=1 1024w\" sizes=\"(max-width: 600px) 100vw, 600px\" \/><\/p>\n<p><strong>An alarming fact: the double burden of malnutrition<\/strong><\/p>\n<p>By way of introduction, Dr Malek Batal (Universit\u00e9 de Montr\u00e9al) reminded us that most low- and middle-income countries face a double burden of malnutrition, combining under-nutrition and obesity. The cause is an agri-food system maintained by a majority of brands controlled by a few multinationals. At the same time, the cost of a healthy diet continues to rise, affecting all income categories. Faced with these challenges, the<strong>agroecology<\/strong> appears to be a solution for reconciling sustainable food production and public health, as illustrated by a study in Ecuador demonstrating the benefits of agroecological networks on women's dietary diversification.<img data-recalc-dims=\"1\" decoding=\"async\" class=\"size-medium wp-image-22917 alignleft\" src=\"https:\/\/i0.wp.com\/santediabete.org\/wp-content\/uploads\/2025\/03\/IMG-20250327-WA0014.jpg?resize=600%2C450&#038;ssl=1\" alt=\"\" width=\"600\" height=\"450\" srcset=\"https:\/\/i0.wp.com\/santediabete.org\/wp-content\/uploads\/2025\/03\/IMG-20250327-WA0014.jpg?resize=600%2C450&amp;ssl=1 600w, https:\/\/i0.wp.com\/santediabete.org\/wp-content\/uploads\/2025\/03\/IMG-20250327-WA0014.jpg?resize=1024%2C768&amp;ssl=1 1024w, https:\/\/i0.wp.com\/santediabete.org\/wp-content\/uploads\/2025\/03\/IMG-20250327-WA0014.jpg?resize=768%2C576&amp;ssl=1 768w, https:\/\/i0.wp.com\/santediabete.org\/wp-content\/uploads\/2025\/03\/IMG-20250327-WA0014.jpg?resize=1536%2C1152&amp;ssl=1 1536w, https:\/\/i0.wp.com\/santediabete.org\/wp-content\/uploads\/2025\/03\/IMG-20250327-WA0014.jpg?resize=16%2C12&amp;ssl=1 16w, https:\/\/i0.wp.com\/santediabete.org\/wp-content\/uploads\/2025\/03\/IMG-20250327-WA0014.jpg?w=2048&amp;ssl=1 2048w\" sizes=\"(max-width: 600px) 100vw, 600px\" \/><\/p>\n<p><strong>The Cameroon experience: an early approach to educating young people<\/strong><\/p>\n<p>Dr Eugene Sobngwi (Cameroon Ministry of Health) presented <strong>an innovative nutrition education program for teenagers. <\/strong>A national survey revealed that 76% of students consume sugary drinks every day, and 59% do not eat breakfast. The program, supported by the World Diabetes Foundation (WDF), was developed in collaboration with the Ministries of Health and Secondary Education. It includes teaching materials in French and English, a mobile nutrition information application and an online training platform for school vendors. Advocacy efforts are underway to extend the program to pregnant women and municipalities. <img data-recalc-dims=\"1\" decoding=\"async\" class=\"size-medium wp-image-22920 alignright\" src=\"https:\/\/i0.wp.com\/santediabete.org\/wp-content\/uploads\/2025\/03\/IMG-20250327-WA0012.jpg?resize=600%2C450&#038;ssl=1\" alt=\"\" width=\"600\" height=\"450\" srcset=\"https:\/\/i0.wp.com\/santediabete.org\/wp-content\/uploads\/2025\/03\/IMG-20250327-WA0012.jpg?resize=600%2C450&amp;ssl=1 600w, https:\/\/i0.wp.com\/santediabete.org\/wp-content\/uploads\/2025\/03\/IMG-20250327-WA0012.jpg?resize=1024%2C768&amp;ssl=1 1024w, https:\/\/i0.wp.com\/santediabete.org\/wp-content\/uploads\/2025\/03\/IMG-20250327-WA0012.jpg?resize=768%2C576&amp;ssl=1 768w, https:\/\/i0.wp.com\/santediabete.org\/wp-content\/uploads\/2025\/03\/IMG-20250327-WA0012.jpg?resize=1536%2C1152&amp;ssl=1 1536w, https:\/\/i0.wp.com\/santediabete.org\/wp-content\/uploads\/2025\/03\/IMG-20250327-WA0012.jpg?resize=16%2C12&amp;ssl=1 16w, https:\/\/i0.wp.com\/santediabete.org\/wp-content\/uploads\/2025\/03\/IMG-20250327-WA0012.jpg?w=2048&amp;ssl=1 2048w\" sizes=\"(max-width: 600px) 100vw, 600px\" \/><\/p>\n<p><strong>The Nutri-Score: a constantly evolving public health tool<\/strong><\/p>\n<p>Professor Mathilde Touvier (Inserm\/INRAE) presented the history of the <a href=\"https:\/\/santediabete.org\/en_en\/2024\/10\/29\/rendre-le-nutri-score-obligatoire-est-une-urgence-de-sante-publique\/\"><strong>Nutri-Score, simplified nutrition labelling<\/strong><\/a> developed in France in 2017 and adopted by six other European countries. Based on a rigorous scientific algorithm, validated by over 150 studies, this system aims to inform consumers and encourage manufacturers to improve the nutritional quality of their products. However, its compulsory adoption across Europe is encountering resistance from industry. Future developments plan to include an indication of the degree of food processing, and to extend its application to mass catering and bulk products.<img data-recalc-dims=\"1\" decoding=\"async\" class=\"size-medium wp-image-22918 alignleft\" src=\"https:\/\/i0.wp.com\/santediabete.org\/wp-content\/uploads\/2025\/03\/IMG-20250327-WA0003.jpg?resize=450%2C600&#038;ssl=1\" alt=\"\" width=\"450\" height=\"600\" srcset=\"https:\/\/i0.wp.com\/santediabete.org\/wp-content\/uploads\/2025\/03\/IMG-20250327-WA0003.jpg?resize=450%2C600&amp;ssl=1 450w, https:\/\/i0.wp.com\/santediabete.org\/wp-content\/uploads\/2025\/03\/IMG-20250327-WA0003.jpg?resize=768%2C1024&amp;ssl=1 768w, https:\/\/i0.wp.com\/santediabete.org\/wp-content\/uploads\/2025\/03\/IMG-20250327-WA0003.jpg?resize=1152%2C1536&amp;ssl=1 1152w, https:\/\/i0.wp.com\/santediabete.org\/wp-content\/uploads\/2025\/03\/IMG-20250327-WA0003.jpg?resize=9%2C12&amp;ssl=1 9w, https:\/\/i0.wp.com\/santediabete.org\/wp-content\/uploads\/2025\/03\/IMG-20250327-WA0003.jpg?w=1536&amp;ssl=1 1536w\" sizes=\"(max-width: 450px) 100vw, 450px\" \/><\/p>\n<p><strong>Mexico's sugar tax: a model for reducing consumption of sweet products<\/strong><\/p>\n<p>Dr Sim\u00f3n Barquera (Instituto Nacional de Salud P\u00fablica) detailed the impact of <strong>tax on sweetened beverages<\/strong> introduced in Mexico in 2014. Initially controversial, the tax led to a 9.7% reduction in soda purchases in 2015. It has also prompted the industry to reformulate its products, reducing the sugar content of drinks. In 2020, nutritional warning labels were introduced to reinforce regulation. Recent studies indicate a reduction in triglyceride levels among Mexican adults, illustrating the effectiveness of tax policies in public health.<\/p>\n<p><strong>Japan's nutritional policies: a model of education and longevity <\/strong><\/p>\n<p>Dr. Marika Nomura, from Japan, pointed out that Japan has the longest life expectancy, with 81 years for men and 87 years for women in 2023. The country also boasts the lowest prevalence of obesity. As far as nutritional policies are concerned, there are no taxes on sweet or salty foods, no marketing restrictions or warning labels. The Japanese government favors an approach based on individual intervention and education. Nutrition education is enshrined in law and implemented in all settings, including kindergarten. Children choose what they eat themselves, with menus based on national nutrition recommendations.<\/p>\n<p><strong>Towards a systemic approach to food and nutrition policies<\/strong><\/p>\n<p>Speeches at this session underlined the need for a comprehensive approach to combating malnutrition and NCDs. While individual initiatives, such as nutrition education, are essential, they must be accompanied by structural reforms, such as regulating the food market, taxing harmful products and promoting sustainable food systems. The debates highlighted the importance of combining targeted actions with ambitious political measures to sustainably transform the food environment and improve public health on a global scale.<\/p>\n<p><a href=\"https:\/\/app.livestorm.co\/agence-francaise-de-deveoppement\/nutrition-for-growth-summit-scientific-conference\/live?s=ee9383bf-62c6-485d-af3d-19a79d938312#\/\"><em>Watch the replay of the conference<\/em><\/a><\/p>\n<p>&nbsp;<\/p>\n<p><img data-recalc-dims=\"1\" decoding=\"async\" class=\"size-medium wp-image-22919 aligncenter\" src=\"https:\/\/i0.wp.com\/santediabete.org\/wp-content\/uploads\/2025\/03\/IMG-20250327-WA0016.jpg?resize=600%2C450&#038;ssl=1\" alt=\"\" width=\"600\" height=\"450\" srcset=\"https:\/\/i0.wp.com\/santediabete.org\/wp-content\/uploads\/2025\/03\/IMG-20250327-WA0016.jpg?resize=600%2C450&amp;ssl=1 600w, https:\/\/i0.wp.com\/santediabete.org\/wp-content\/uploads\/2025\/03\/IMG-20250327-WA0016.jpg?resize=1024%2C768&amp;ssl=1 1024w, https:\/\/i0.wp.com\/santediabete.org\/wp-content\/uploads\/2025\/03\/IMG-20250327-WA0016.jpg?resize=768%2C576&amp;ssl=1 768w, https:\/\/i0.wp.com\/santediabete.org\/wp-content\/uploads\/2025\/03\/IMG-20250327-WA0016.jpg?resize=1536%2C1152&amp;ssl=1 1536w, https:\/\/i0.wp.com\/santediabete.org\/wp-content\/uploads\/2025\/03\/IMG-20250327-WA0016.jpg?resize=16%2C12&amp;ssl=1 16w, https:\/\/i0.wp.com\/santediabete.org\/wp-content\/uploads\/2025\/03\/IMG-20250327-WA0016.jpg?w=2048&amp;ssl=1 2048w\" sizes=\"(max-width: 600px) 100vw, 600px\" \/><\/p>","protected":false},"excerpt":{"rendered":"<p>Le 26 mars 2025, dans le cadre du sommet Nutrition for Growth (N4G), une conf\u00e9rence scientifique co-organis\u00e9e par l&rsquo;Agence Fran\u00e7aise de D\u00e9veloppement (AFD) et ses partenaires s&rsquo;est tenue \u00e0 Paris. La derni\u00e8re session, propos\u00e9e par Sant\u00e9 Diab\u00e8te et la World Diabetes Foundation, et consacr\u00e9e aux probl\u00e9matiques de malnutrition, d&rsquo;ob\u00e9sit\u00e9 et de maladies non transmissibles (MNT),&hellip;<\/p>","protected":false},"author":15,"featured_media":22924,"comment_status":"open","ping_status":"open","sticky":false,"template":"","format":"standard","meta":{"_jetpack_memberships_contains_paid_content":false,"footnotes":""},"categories":[4],"tags":[],"class_list":["post-22915","post","type-post","status-publish","format-standard","has-post-thumbnail","hentry","category-actu"],"yoast_head":"<!-- This site is optimized with the Yoast SEO plugin v26.7 - https:\/\/yoast.com\/wordpress\/plugins\/seo\/ -->\n<title>Conf\u00e9rence scientifique du sommet Nutrition for Growth 2025 : vers des solutions globales contre la malnutrition et les MNT &#8211; Sant\u00e9 Diab\u00e8te<\/title>\n<meta name=\"description\" content=\"D\u00e9couvrez les principaux enseignements de la conf\u00e9rence scientifique du sommet Nutrition for Growth 2025, abordant la malnutrition, l&#039;ob\u00e9sit\u00e9 et les maladies non transmissibles. Des experts internationaux, dont le Dr Malek Batal et le Dr Eugene Sobngwi, pr\u00e9sentent des solutions innovantes en mati\u00e8re de nutrition et de sant\u00e9 publique, telles que l&#039;agro\u00e9cologie, l&#039;\u00e9ducation nutritionnelle et les politiques fiscales comme la taxe sur le sucre au Mexique. Un appel \u00e0 une approche syst\u00e9mique pour lutter contre la malnutrition \u00e0 l&#039;\u00e9chelle mondiale.\" \/>\n<meta name=\"robots\" content=\"index, follow, max-snippet:-1, max-image-preview:large, max-video-preview:-1\" \/>\n<link rel=\"canonical\" href=\"https:\/\/santediabete.org\/en_en\/2025\/03\/27\/conference-scientifique-du-sommet-nutrition-for-growth-2025-vers-des-solutions-globales-contre-la-malnutrition-et-les-mnt\/\" \/>\n<meta property=\"og:locale\" content=\"en_GB\" \/>\n<meta property=\"og:type\" content=\"article\" \/>\n<meta property=\"og:title\" content=\"Conf\u00e9rence scientifique du sommet Nutrition for Growth 2025 : vers des solutions globales contre la malnutrition et les MNT &#8211; Sant\u00e9 Diab\u00e8te\" \/>\n<meta property=\"og:description\" content=\"D\u00e9couvrez les principaux enseignements de la conf\u00e9rence scientifique du sommet Nutrition for Growth 2025, abordant la malnutrition, l&#039;ob\u00e9sit\u00e9 et les maladies non transmissibles. Des experts internationaux, dont le Dr Malek Batal et le Dr Eugene Sobngwi, pr\u00e9sentent des solutions innovantes en mati\u00e8re de nutrition et de sant\u00e9 publique, telles que l&#039;agro\u00e9cologie, l&#039;\u00e9ducation nutritionnelle et les politiques fiscales comme la taxe sur le sucre au Mexique. Un appel \u00e0 une approche syst\u00e9mique pour lutter contre la malnutrition \u00e0 l&#039;\u00e9chelle mondiale.\" \/>\n<meta property=\"og:url\" content=\"https:\/\/santediabete.org\/en_en\/2025\/03\/27\/conference-scientifique-du-sommet-nutrition-for-growth-2025-vers-des-solutions-globales-contre-la-malnutrition-et-les-mnt\/\" \/>\n<meta property=\"og:site_name\" content=\"Sant\u00e9 Diab\u00e8te\" \/>\n<meta property=\"article:publisher\" content=\"https:\/\/www.facebook.com\/ONGSantDiabte\/\" \/>\n<meta property=\"article:published_time\" content=\"2025-03-27T15:42:15+00:00\" \/>\n<meta property=\"article:modified_time\" content=\"2025-03-27T15:51:42+00:00\" \/>\n<meta property=\"og:image\" content=\"https:\/\/santediabete.org\/wp-content\/uploads\/2025\/03\/GmT89r5XYAAQeSN.jpeg\" \/>\n\t<meta property=\"og:image:width\" content=\"1024\" \/>\n\t<meta property=\"og:image:height\" content=\"512\" \/>\n\t<meta property=\"og:image:type\" content=\"image\/jpeg\" \/>\n<meta name=\"author\" content=\"Nina Tousch\" \/>\n<meta name=\"twitter:card\" content=\"summary_large_image\" \/>\n<meta name=\"twitter:creator\" content=\"@ongsantdiabte\" \/>\n<meta name=\"twitter:site\" content=\"@ongsantdiabte\" \/>\n<meta name=\"twitter:label1\" content=\"Written by\" \/>\n\t<meta name=\"twitter:data1\" content=\"Nina Tousch\" \/>\n\t<meta name=\"twitter:label2\" content=\"Estimated reading time\" \/>\n\t<meta name=\"twitter:data2\" content=\"6 minutes\" \/>\n<script type=\"application\/ld+json\" class=\"yoast-schema-graph\">{\"@context\":\"https:\/\/schema.org\",\"@graph\":[{\"@type\":\"Article\",\"@id\":\"https:\/\/santediabete.org\/2025\/03\/27\/conference-scientifique-du-sommet-nutrition-for-growth-2025-vers-des-solutions-globales-contre-la-malnutrition-et-les-mnt\/#article\",\"isPartOf\":{\"@id\":\"https:\/\/santediabete.org\/2025\/03\/27\/conference-scientifique-du-sommet-nutrition-for-growth-2025-vers-des-solutions-globales-contre-la-malnutrition-et-les-mnt\/\"},\"author\":{\"name\":\"Nina Tousch\",\"@id\":\"https:\/\/santediabete.org\/#\/schema\/person\/05b828b3280ae06db55166e4862867f0\"},\"headline\":\"Conf\u00e9rence scientifique du sommet Nutrition for Growth 2025 : vers des solutions globales contre la malnutrition et les MNT\",\"datePublished\":\"2025-03-27T15:42:15+00:00\",\"dateModified\":\"2025-03-27T15:51:42+00:00\",\"mainEntityOfPage\":{\"@id\":\"https:\/\/santediabete.org\/2025\/03\/27\/conference-scientifique-du-sommet-nutrition-for-growth-2025-vers-des-solutions-globales-contre-la-malnutrition-et-les-mnt\/\"},\"wordCount\":870,\"commentCount\":0,\"publisher\":{\"@id\":\"https:\/\/santediabete.org\/#organization\"},\"image\":{\"@id\":\"https:\/\/santediabete.org\/2025\/03\/27\/conference-scientifique-du-sommet-nutrition-for-growth-2025-vers-des-solutions-globales-contre-la-malnutrition-et-les-mnt\/#primaryimage\"},\"thumbnailUrl\":\"https:\/\/i0.wp.com\/santediabete.org\/wp-content\/uploads\/2025\/03\/GmT89r5XYAAQeSN.jpeg?fit=1024%2C512&ssl=1\",\"articleSection\":[\"Actu\"],\"inLanguage\":\"en-GB\",\"potentialAction\":[{\"@type\":\"CommentAction\",\"name\":\"Comment\",\"target\":[\"https:\/\/santediabete.org\/2025\/03\/27\/conference-scientifique-du-sommet-nutrition-for-growth-2025-vers-des-solutions-globales-contre-la-malnutrition-et-les-mnt\/#respond\"]}]},{\"@type\":\"WebPage\",\"@id\":\"https:\/\/santediabete.org\/2025\/03\/27\/conference-scientifique-du-sommet-nutrition-for-growth-2025-vers-des-solutions-globales-contre-la-malnutrition-et-les-mnt\/\",\"url\":\"https:\/\/santediabete.org\/2025\/03\/27\/conference-scientifique-du-sommet-nutrition-for-growth-2025-vers-des-solutions-globales-contre-la-malnutrition-et-les-mnt\/\",\"name\":\"Conf\u00e9rence scientifique du sommet Nutrition for Growth 2025 : vers des solutions globales contre la malnutrition et les MNT &#8211; Sant\u00e9 Diab\u00e8te\",\"isPartOf\":{\"@id\":\"https:\/\/santediabete.org\/#website\"},\"primaryImageOfPage\":{\"@id\":\"https:\/\/santediabete.org\/2025\/03\/27\/conference-scientifique-du-sommet-nutrition-for-growth-2025-vers-des-solutions-globales-contre-la-malnutrition-et-les-mnt\/#primaryimage\"},\"image\":{\"@id\":\"https:\/\/santediabete.org\/2025\/03\/27\/conference-scientifique-du-sommet-nutrition-for-growth-2025-vers-des-solutions-globales-contre-la-malnutrition-et-les-mnt\/#primaryimage\"},\"thumbnailUrl\":\"https:\/\/i0.wp.com\/santediabete.org\/wp-content\/uploads\/2025\/03\/GmT89r5XYAAQeSN.jpeg?fit=1024%2C512&ssl=1\",\"datePublished\":\"2025-03-27T15:42:15+00:00\",\"dateModified\":\"2025-03-27T15:51:42+00:00\",\"description\":\"D\u00e9couvrez les principaux enseignements de la conf\u00e9rence scientifique du sommet Nutrition for Growth 2025, abordant la malnutrition, l'ob\u00e9sit\u00e9 et les maladies non transmissibles. Des experts internationaux, dont le Dr Malek Batal et le Dr Eugene Sobngwi, pr\u00e9sentent des solutions innovantes en mati\u00e8re de nutrition et de sant\u00e9 publique, telles que l'agro\u00e9cologie, l'\u00e9ducation nutritionnelle et les politiques fiscales comme la taxe sur le sucre au Mexique. Un appel \u00e0 une approche syst\u00e9mique pour lutter contre la malnutrition \u00e0 l'\u00e9chelle mondiale.\",\"breadcrumb\":{\"@id\":\"https:\/\/santediabete.org\/2025\/03\/27\/conference-scientifique-du-sommet-nutrition-for-growth-2025-vers-des-solutions-globales-contre-la-malnutrition-et-les-mnt\/#breadcrumb\"},\"inLanguage\":\"en-GB\",\"potentialAction\":[{\"@type\":\"ReadAction\",\"target\":[\"https:\/\/santediabete.org\/2025\/03\/27\/conference-scientifique-du-sommet-nutrition-for-growth-2025-vers-des-solutions-globales-contre-la-malnutrition-et-les-mnt\/\"]}]},{\"@type\":\"ImageObject\",\"inLanguage\":\"en-GB\",\"@id\":\"https:\/\/santediabete.org\/2025\/03\/27\/conference-scientifique-du-sommet-nutrition-for-growth-2025-vers-des-solutions-globales-contre-la-malnutrition-et-les-mnt\/#primaryimage\",\"url\":\"https:\/\/i0.wp.com\/santediabete.org\/wp-content\/uploads\/2025\/03\/GmT89r5XYAAQeSN.jpeg?fit=1024%2C512&ssl=1\",\"contentUrl\":\"https:\/\/i0.wp.com\/santediabete.org\/wp-content\/uploads\/2025\/03\/GmT89r5XYAAQeSN.jpeg?fit=1024%2C512&ssl=1\",\"width\":1024,\"height\":512},{\"@type\":\"BreadcrumbList\",\"@id\":\"https:\/\/santediabete.org\/2025\/03\/27\/conference-scientifique-du-sommet-nutrition-for-growth-2025-vers-des-solutions-globales-contre-la-malnutrition-et-les-mnt\/#breadcrumb\",\"itemListElement\":[{\"@type\":\"ListItem\",\"position\":1,\"name\":\"Accueil\",\"item\":\"https:\/\/santediabete.org\/\"},{\"@type\":\"ListItem\",\"position\":2,\"name\":\"Conf\u00e9rence scientifique du sommet Nutrition for Growth 2025 : vers des solutions globales contre la malnutrition et les MNT\"}]},{\"@type\":\"WebSite\",\"@id\":\"https:\/\/santediabete.org\/#website\",\"url\":\"https:\/\/santediabete.org\/\",\"name\":\"ONG Sante Diab\u00e8te\",\"description\":\"Innover ensemble pour lutter contre le diab\u00e8te en Afrique\",\"publisher\":{\"@id\":\"https:\/\/santediabete.org\/#organization\"},\"potentialAction\":[{\"@type\":\"SearchAction\",\"target\":{\"@type\":\"EntryPoint\",\"urlTemplate\":\"https:\/\/santediabete.org\/?s={search_term_string}\"},\"query-input\":{\"@type\":\"PropertyValueSpecification\",\"valueRequired\":true,\"valueName\":\"search_term_string\"}}],\"inLanguage\":\"en-GB\"},{\"@type\":\"Organization\",\"@id\":\"https:\/\/santediabete.org\/#organization\",\"name\":\"ONG Sant\u00e9 Diab\u00e8te\",\"url\":\"https:\/\/santediabete.org\/\",\"logo\":{\"@type\":\"ImageObject\",\"inLanguage\":\"en-GB\",\"@id\":\"https:\/\/santediabete.org\/#\/schema\/logo\/image\/\",\"url\":\"https:\/\/santediabete.org\/wp-content\/uploads\/2019\/05\/santediabete-logo.png\",\"contentUrl\":\"https:\/\/santediabete.org\/wp-content\/uploads\/2019\/05\/santediabete-logo.png\",\"width\":311,\"height\":66,\"caption\":\"ONG Sant\u00e9 Diab\u00e8te\"},\"image\":{\"@id\":\"https:\/\/santediabete.org\/#\/schema\/logo\/image\/\"},\"sameAs\":[\"https:\/\/www.facebook.com\/ONGSantDiabte\/\",\"https:\/\/x.com\/ongsantdiabte\",\"https:\/\/www.instagram.com\/santediabeteofficiel\/\",\"https:\/\/www.linkedin.com\/company\/ngo-sant\u00e9-diab\u00e8te\/\",\"https:\/\/www.youtube.com\/channel\/UCTjyy-p0F6FSXjJ54nLXdVA\"]},{\"@type\":\"Person\",\"@id\":\"https:\/\/santediabete.org\/#\/schema\/person\/05b828b3280ae06db55166e4862867f0\",\"name\":\"Nina Tousch\",\"image\":{\"@type\":\"ImageObject\",\"inLanguage\":\"en-GB\",\"@id\":\"https:\/\/santediabete.org\/#\/schema\/person\/image\/\",\"url\":\"https:\/\/secure.gravatar.com\/avatar\/ce9162cdc248c39f2498dea5ed6646ff4851b12910bab170497f927b52573a0e?s=96&d=mm&r=g\",\"contentUrl\":\"https:\/\/secure.gravatar.com\/avatar\/ce9162cdc248c39f2498dea5ed6646ff4851b12910bab170497f927b52573a0e?s=96&d=mm&r=g\",\"caption\":\"Nina Tousch\"},\"url\":\"https:\/\/santediabete.org\/en_en\/author\/nina-tousch\/\"}]}<\/script>\n<!-- \/ Yoast SEO plugin. -->","yoast_head_json":{"title":"Conf\u00e9rence scientifique du sommet Nutrition for Growth 2025 : vers des solutions globales contre la malnutrition et les MNT &#8211; Sant\u00e9 Diab\u00e8te","description":"D\u00e9couvrez les principaux enseignements de la conf\u00e9rence scientifique du sommet Nutrition for Growth 2025, abordant la malnutrition, l'ob\u00e9sit\u00e9 et les maladies non transmissibles. Des experts internationaux, dont le Dr Malek Batal et le Dr Eugene Sobngwi, pr\u00e9sentent des solutions innovantes en mati\u00e8re de nutrition et de sant\u00e9 publique, telles que l'agro\u00e9cologie, l'\u00e9ducation nutritionnelle et les politiques fiscales comme la taxe sur le sucre au Mexique. Un appel \u00e0 une approche syst\u00e9mique pour lutter contre la malnutrition \u00e0 l'\u00e9chelle mondiale.","robots":{"index":"index","follow":"follow","max-snippet":"max-snippet:-1","max-image-preview":"max-image-preview:large","max-video-preview":"max-video-preview:-1"},"canonical":"https:\/\/santediabete.org\/en_en\/2025\/03\/27\/conference-scientifique-du-sommet-nutrition-for-growth-2025-vers-des-solutions-globales-contre-la-malnutrition-et-les-mnt\/","og_locale":"en_GB","og_type":"article","og_title":"Conf\u00e9rence scientifique du sommet Nutrition for Growth 2025 : vers des solutions globales contre la malnutrition et les MNT &#8211; Sant\u00e9 Diab\u00e8te","og_description":"D\u00e9couvrez les principaux enseignements de la conf\u00e9rence scientifique du sommet Nutrition for Growth 2025, abordant la malnutrition, l'ob\u00e9sit\u00e9 et les maladies non transmissibles. Des experts internationaux, dont le Dr Malek Batal et le Dr Eugene Sobngwi, pr\u00e9sentent des solutions innovantes en mati\u00e8re de nutrition et de sant\u00e9 publique, telles que l'agro\u00e9cologie, l'\u00e9ducation nutritionnelle et les politiques fiscales comme la taxe sur le sucre au Mexique. Un appel \u00e0 une approche syst\u00e9mique pour lutter contre la malnutrition \u00e0 l'\u00e9chelle mondiale.","og_url":"https:\/\/santediabete.org\/en_en\/2025\/03\/27\/conference-scientifique-du-sommet-nutrition-for-growth-2025-vers-des-solutions-globales-contre-la-malnutrition-et-les-mnt\/","og_site_name":"Sant\u00e9 Diab\u00e8te","article_publisher":"https:\/\/www.facebook.com\/ONGSantDiabte\/","article_published_time":"2025-03-27T15:42:15+00:00","article_modified_time":"2025-03-27T15:51:42+00:00","og_image":[{"width":1024,"height":512,"url":"https:\/\/santediabete.org\/wp-content\/uploads\/2025\/03\/GmT89r5XYAAQeSN.jpeg","type":"image\/jpeg"}],"author":"Nina Tousch","twitter_card":"summary_large_image","twitter_creator":"@ongsantdiabte","twitter_site":"@ongsantdiabte","twitter_misc":{"Written by":"Nina Tousch","Estimated reading time":"6 minutes"},"schema":{"@context":"https:\/\/schema.org","@graph":[{"@type":"Article","@id":"https:\/\/santediabete.org\/2025\/03\/27\/conference-scientifique-du-sommet-nutrition-for-growth-2025-vers-des-solutions-globales-contre-la-malnutrition-et-les-mnt\/#article","isPartOf":{"@id":"https:\/\/santediabete.org\/2025\/03\/27\/conference-scientifique-du-sommet-nutrition-for-growth-2025-vers-des-solutions-globales-contre-la-malnutrition-et-les-mnt\/"},"author":{"name":"Nina Tousch","@id":"https:\/\/santediabete.org\/#\/schema\/person\/05b828b3280ae06db55166e4862867f0"},"headline":"Conf\u00e9rence scientifique du sommet Nutrition for Growth 2025 : vers des solutions globales contre la malnutrition et les MNT","datePublished":"2025-03-27T15:42:15+00:00","dateModified":"2025-03-27T15:51:42+00:00","mainEntityOfPage":{"@id":"https:\/\/santediabete.org\/2025\/03\/27\/conference-scientifique-du-sommet-nutrition-for-growth-2025-vers-des-solutions-globales-contre-la-malnutrition-et-les-mnt\/"},"wordCount":870,"commentCount":0,"publisher":{"@id":"https:\/\/santediabete.org\/#organization"},"image":{"@id":"https:\/\/santediabete.org\/2025\/03\/27\/conference-scientifique-du-sommet-nutrition-for-growth-2025-vers-des-solutions-globales-contre-la-malnutrition-et-les-mnt\/#primaryimage"},"thumbnailUrl":"https:\/\/i0.wp.com\/santediabete.org\/wp-content\/uploads\/2025\/03\/GmT89r5XYAAQeSN.jpeg?fit=1024%2C512&ssl=1","articleSection":["Actu"],"inLanguage":"en-GB","potentialAction":[{"@type":"CommentAction","name":"Comment","target":["https:\/\/santediabete.org\/2025\/03\/27\/conference-scientifique-du-sommet-nutrition-for-growth-2025-vers-des-solutions-globales-contre-la-malnutrition-et-les-mnt\/#respond"]}]},{"@type":"WebPage","@id":"https:\/\/santediabete.org\/2025\/03\/27\/conference-scientifique-du-sommet-nutrition-for-growth-2025-vers-des-solutions-globales-contre-la-malnutrition-et-les-mnt\/","url":"https:\/\/santediabete.org\/2025\/03\/27\/conference-scientifique-du-sommet-nutrition-for-growth-2025-vers-des-solutions-globales-contre-la-malnutrition-et-les-mnt\/","name":"Conf\u00e9rence scientifique du sommet Nutrition for Growth 2025 : vers des solutions globales contre la malnutrition et les MNT &#8211; Sant\u00e9 Diab\u00e8te","isPartOf":{"@id":"https:\/\/santediabete.org\/#website"},"primaryImageOfPage":{"@id":"https:\/\/santediabete.org\/2025\/03\/27\/conference-scientifique-du-sommet-nutrition-for-growth-2025-vers-des-solutions-globales-contre-la-malnutrition-et-les-mnt\/#primaryimage"},"image":{"@id":"https:\/\/santediabete.org\/2025\/03\/27\/conference-scientifique-du-sommet-nutrition-for-growth-2025-vers-des-solutions-globales-contre-la-malnutrition-et-les-mnt\/#primaryimage"},"thumbnailUrl":"https:\/\/i0.wp.com\/santediabete.org\/wp-content\/uploads\/2025\/03\/GmT89r5XYAAQeSN.jpeg?fit=1024%2C512&ssl=1","datePublished":"2025-03-27T15:42:15+00:00","dateModified":"2025-03-27T15:51:42+00:00","description":"D\u00e9couvrez les principaux enseignements de la conf\u00e9rence scientifique du sommet Nutrition for Growth 2025, abordant la malnutrition, l'ob\u00e9sit\u00e9 et les maladies non transmissibles. Des experts internationaux, dont le Dr Malek Batal et le Dr Eugene Sobngwi, pr\u00e9sentent des solutions innovantes en mati\u00e8re de nutrition et de sant\u00e9 publique, telles que l'agro\u00e9cologie, l'\u00e9ducation nutritionnelle et les politiques fiscales comme la taxe sur le sucre au Mexique. Un appel \u00e0 une approche syst\u00e9mique pour lutter contre la malnutrition \u00e0 l'\u00e9chelle mondiale.","breadcrumb":{"@id":"https:\/\/santediabete.org\/2025\/03\/27\/conference-scientifique-du-sommet-nutrition-for-growth-2025-vers-des-solutions-globales-contre-la-malnutrition-et-les-mnt\/#breadcrumb"},"inLanguage":"en-GB","potentialAction":[{"@type":"ReadAction","target":["https:\/\/santediabete.org\/2025\/03\/27\/conference-scientifique-du-sommet-nutrition-for-growth-2025-vers-des-solutions-globales-contre-la-malnutrition-et-les-mnt\/"]}]},{"@type":"ImageObject","inLanguage":"en-GB","@id":"https:\/\/santediabete.org\/2025\/03\/27\/conference-scientifique-du-sommet-nutrition-for-growth-2025-vers-des-solutions-globales-contre-la-malnutrition-et-les-mnt\/#primaryimage","url":"https:\/\/i0.wp.com\/santediabete.org\/wp-content\/uploads\/2025\/03\/GmT89r5XYAAQeSN.jpeg?fit=1024%2C512&ssl=1","contentUrl":"https:\/\/i0.wp.com\/santediabete.org\/wp-content\/uploads\/2025\/03\/GmT89r5XYAAQeSN.jpeg?fit=1024%2C512&ssl=1","width":1024,"height":512},{"@type":"BreadcrumbList","@id":"https:\/\/santediabete.org\/2025\/03\/27\/conference-scientifique-du-sommet-nutrition-for-growth-2025-vers-des-solutions-globales-contre-la-malnutrition-et-les-mnt\/#breadcrumb","itemListElement":[{"@type":"ListItem","position":1,"name":"Accueil","item":"https:\/\/santediabete.org\/"},{"@type":"ListItem","position":2,"name":"Conf\u00e9rence scientifique du sommet Nutrition for Growth 2025 : vers des solutions globales contre la malnutrition et les MNT"}]},{"@type":"WebSite","@id":"https:\/\/santediabete.org\/#website","url":"https:\/\/santediabete.org\/","name":"ONG Sante Diab\u00e8te","description":"Innover ensemble pour lutter contre le diab\u00e8te en Afrique","publisher":{"@id":"https:\/\/santediabete.org\/#organization"},"potentialAction":[{"@type":"SearchAction","target":{"@type":"EntryPoint","urlTemplate":"https:\/\/santediabete.org\/?s={search_term_string}"},"query-input":{"@type":"PropertyValueSpecification","valueRequired":true,"valueName":"search_term_string"}}],"inLanguage":"en-GB"},{"@type":"Organization","@id":"https:\/\/santediabete.org\/#organization","name":"NGO Sant\u00e9 Diab\u00e8te","url":"https:\/\/santediabete.org\/","logo":{"@type":"ImageObject","inLanguage":"en-GB","@id":"https:\/\/santediabete.org\/#\/schema\/logo\/image\/","url":"https:\/\/santediabete.org\/wp-content\/uploads\/2019\/05\/santediabete-logo.png","contentUrl":"https:\/\/santediabete.org\/wp-content\/uploads\/2019\/05\/santediabete-logo.png","width":311,"height":66,"caption":"ONG Sant\u00e9 Diab\u00e8te"},"image":{"@id":"https:\/\/santediabete.org\/#\/schema\/logo\/image\/"},"sameAs":["https:\/\/www.facebook.com\/ONGSantDiabte\/","https:\/\/x.com\/ongsantdiabte","https:\/\/www.instagram.com\/santediabeteofficiel\/","https:\/\/www.linkedin.com\/company\/ngo-sant\u00e9-diab\u00e8te\/","https:\/\/www.youtube.com\/channel\/UCTjyy-p0F6FSXjJ54nLXdVA"]},{"@type":"Person","@id":"https:\/\/santediabete.org\/#\/schema\/person\/05b828b3280ae06db55166e4862867f0","name":"Nina Tousch","image":{"@type":"ImageObject","inLanguage":"en-GB","@id":"https:\/\/santediabete.org\/#\/schema\/person\/image\/","url":"https:\/\/secure.gravatar.com\/avatar\/ce9162cdc248c39f2498dea5ed6646ff4851b12910bab170497f927b52573a0e?s=96&d=mm&r=g","contentUrl":"https:\/\/secure.gravatar.com\/avatar\/ce9162cdc248c39f2498dea5ed6646ff4851b12910bab170497f927b52573a0e?s=96&d=mm&r=g","caption":"Nina Tousch"},"url":"https:\/\/santediabete.org\/en_en\/author\/nina-tousch\/"}]}},"jetpack_featured_media_url":"https:\/\/i0.wp.com\/santediabete.org\/wp-content\/uploads\/2025\/03\/GmT89r5XYAAQeSN.jpeg?fit=1024%2C512&ssl=1","jetpack-related-posts":[],"jetpack_sharing_enabled":true,"_links":{"self":[{"href":"https:\/\/santediabete.org\/en_en\/wp-json\/wp\/v2\/posts\/22915","targetHints":{"allow":["GET"]}}],"collection":[{"href":"https:\/\/santediabete.org\/en_en\/wp-json\/wp\/v2\/posts"}],"about":[{"href":"https:\/\/santediabete.org\/en_en\/wp-json\/wp\/v2\/types\/post"}],"author":[{"embeddable":true,"href":"https:\/\/santediabete.org\/en_en\/wp-json\/wp\/v2\/users\/15"}],"replies":[{"embeddable":true,"href":"https:\/\/santediabete.org\/en_en\/wp-json\/wp\/v2\/comments?post=22915"}],"version-history":[{"count":4,"href":"https:\/\/santediabete.org\/en_en\/wp-json\/wp\/v2\/posts\/22915\/revisions"}],"predecessor-version":[{"id":22926,"href":"https:\/\/santediabete.org\/en_en\/wp-json\/wp\/v2\/posts\/22915\/revisions\/22926"}],"wp:featuredmedia":[{"embeddable":true,"href":"https:\/\/santediabete.org\/en_en\/wp-json\/wp\/v2\/media\/22924"}],"wp:attachment":[{"href":"https:\/\/santediabete.org\/en_en\/wp-json\/wp\/v2\/media?parent=22915"}],"wp:term":[{"taxonomy":"category","embeddable":true,"href":"https:\/\/santediabete.org\/en_en\/wp-json\/wp\/v2\/categories?post=22915"},{"taxonomy":"post_tag","embeddable":true,"href":"https:\/\/santediabete.org\/en_en\/wp-json\/wp\/v2\/tags?post=22915"}],"curies":[{"name":"wp","href":"https:\/\/api.w.org\/{rel}","templated":true}]}}